{"id":38666,"date":"2026-03-12T13:16:40","date_gmt":"2026-03-12T11:16:40","guid":{"rendered":"https:\/\/www.matrelec.com\/matrelec-estara-presente-en-techtextil-2026-en-frankfurt\/"},"modified":"2026-03-12T13:18:36","modified_gmt":"2026-03-12T11:18:36","slug":"matrelec-estara-presente-en-techtextil-2026-en-frankfurt","status":"publish","type":"post","link":"https:\/\/www.matrelec.com\/es\/matrelec-estara-presente-en-techtextil-2026-en-frankfurt\/","title":{"rendered":"Matrelec estar\u00e1 presente en Techtextil 2026 en Frankfurt"},"content":{"rendered":"\t\t<div data-elementor-type=\"wp-post\" data-elementor-id=\"38666\" class=\"elementor elementor-38666 elementor-38654\" data-elementor-post-type=\"post\">\n\t\t\t\t<div class=\"elementor-element elementor-element-043ef43 e-flex e-con-boxed e-con e-parent\" data-id=\"043ef43\" data-element_type=\"container\">\n\t\t\t\t\t<div class=\"e-con-inner\">\n\t\t\t\t<div class=\"elementor-element elementor-element-078e65b elementor-widget elementor-widget-text-editor\" data-id=\"078e65b\" data-element_type=\"widget\" data-widget_type=\"text-editor.default\">\n\t\t\t\t<div class=\"elementor-widget-container\">\n\t\t\t\t\t\t\t\t\t<p>Del <strong>21 al 24 de abril de 2026<\/strong>, Matrelec participar\u00e1 en la <a href=\"https:\/\/techtextil.messefrankfurt.com\/frankfurt\/en.html\" target=\"_blank\" rel=\"noopener noreferrer nofollow\"><strong>Techtextil<\/strong><\/a>el principal evento internacional dedicado a los<strong> textiles t\u00e9cnicos y los no tejidos<\/strong>. El sal\u00f3n se celebrar\u00e1 en <strong>Messe Frankfurt (Alemania)<\/strong> y reunir\u00e1 a los principales actores industriales e innovadores del sector. <\/p><p>En esta ocasi\u00f3n, Matrelec presentar\u00e1 sus <strong>soluciones de soldadura<\/strong> t\u00e9rmica y <strong>de alta frecuencia<\/strong>, dise\u00f1adas para satisfacer los requisitos de las aplicaciones <strong>textiles t\u00e9cnicas<\/strong>.<\/p><h2>Techtextil: el punto de encuentro mundial de los textiles t\u00e9cnicos<\/h2><p>Organizada cada dos a\u00f1os, Techtextil est\u00e1 reconocida como una de las principales ferias mundiales de <strong>materiales textiles innovadores<\/strong> y <strong>tecnolog\u00edas de producci\u00f3n<\/strong>.<\/p><p>Este acontecimiento re\u00fane a miles de expositores y visitantes profesionales de todo el mundo para descubrir :<\/p><p>las<strong> \u00faltimas innovaciones<\/strong> en textiles t\u00e9cnicos y telas no tejidas,<\/p><p>tecnolog\u00edas de producci\u00f3n y transformaci\u00f3n de <strong>materiales textiles<\/strong>,<\/p><p><strong>soluciones industriales<\/strong> para sectores exigentes como el m\u00e9dico, el automovil\u00edstico, el aeroespacial y el manufacturero.<\/p><p>Para Matrelec, Techtextil representa una oportunidad \u00fanica para reunirse con los actores del sector de los textiles t\u00e9cnicos y debatir sobre soluciones de soldadura adaptadas a estos materiales.<\/p><h2>Lo que descubrir\u00e1s con Matrelec<\/h2><p>Al reunirte con nuestro equipo en la feria, podr\u00e1s :<\/p><p>\u2714 <strong>Descubre nuestras soluciones de<\/strong> soldadura de alta frecuencia adaptadas a los textiles t\u00e9cnicos,<br>\u2714 <strong>Discute<\/strong> tus proyectos industriales y limitaciones de producci\u00f3n <strong>con nuestros expertos<\/strong>,<br>\u2714 <strong>Explora nuestras m\u00e1quinas<\/strong> y soluciones personalizadas para ensamblar materiales textiles y compuestos,<br>\u2714 <strong>Identifica las tecnolog\u00edas de<\/strong> soldadura m\u00e1s adecuadas para tus aplicaciones.<\/p><h2>Matrelec, expertos en soldadura de alta frecuencia<\/h2><p>Matrelec dise\u00f1a y fabrica m\u00e1quinas de soldadura t\u00e9rmica y de alta frecuencia para diversos sectores industriales <strong>desde 1989<\/strong>.<\/p><p>Gracias a su <strong>experiencia t\u00e9cnica<\/strong> y a su pertenencia al grupo industrial<a href=\"https:\/\/www.intechgroup.fr\/\" target=\"_blank\" rel=\"noopener noreferrer nofollow\"><strong> Grupo Intech<\/strong><\/a>Matrelec ayuda a sus clientes a desarrollar <strong>soluciones<\/strong> fiables y <strong>de alto rendimiento<\/strong> adaptadas a las necesidades de la industria moderna.<\/p><h2>Informaci\u00f3n pr\u00e1ctica &#8211; Techtextil 2026<\/h2><p>\ud83d\udccd <strong>Lugar:<\/strong> Messe Frankfurt, Alemania<br>\ud83d\udcc6 <strong>Fechas:<\/strong> del 21 al 24 de abril de 2026<br>\ud83d\udd17 <strong>Sitio web oficial de la exposici\u00f3n: https:<\/strong> <a href=\"https:\/\/techtextil.messefrankfurt.com\/frankfurt\/en.html\" target=\"_blank\" rel=\"noopener noreferrer nofollow\">\/\/techtextil.messefrankfurt.com<\/a><\/p><p>\u00bfEst\u00e1s planeando tu visita a Techtextil 2026?<\/p><p>\ud83d\udce9 <a href=\"https:\/\/www.matrelec.com\/es\/ponte-en-contacto-con\/\"><strong>Ponte en contacto con nuestro equipo<\/strong><\/a> para hablar de tu proyecto o para concertar una reuni\u00f3n durante la feria.<\/p>\t\t\t\t\t\t\t\t<\/div>\n\t\t\t\t<\/div>\n\t\t\t\t\t<\/div>\n\t\t\t\t<\/div>\n\t\t\t\t<\/div>\n\t\t","protected":false},"excerpt":{"rendered":"<p>\u00a1Pabell\u00f3n 12, Stand E91!<\/p>\n","protected":false},"author":1,"featured_media":38657,"comment_status":"closed","ping_status":"closed","sticky":false,"template":"","format":"standard","meta":{"_acf_changed":false,"footnotes":""},"categories":[95],"tags":[],"class_list":["post-38666","post","type-post","status-publish","format-standard","has-post-thumbnail","hentry","category-noticias-es"],"acf":[],"_links":{"self":[{"href":"https:\/\/www.matrelec.com\/es\/wp-json\/wp\/v2\/posts\/38666","targetHints":{"allow":["GET"]}}],"collection":[{"href":"https:\/\/www.matrelec.com\/es\/wp-json\/wp\/v2\/posts"}],"about":[{"href":"https:\/\/www.matrelec.com\/es\/wp-json\/wp\/v2\/types\/post"}],"author":[{"embeddable":true,"href":"https:\/\/www.matrelec.com\/es\/wp-json\/wp\/v2\/users\/1"}],"replies":[{"embeddable":true,"href":"https:\/\/www.matrelec.com\/es\/wp-json\/wp\/v2\/comments?post=38666"}],"version-history":[{"count":2,"href":"https:\/\/www.matrelec.com\/es\/wp-json\/wp\/v2\/posts\/38666\/revisions"}],"predecessor-version":[{"id":38671,"href":"https:\/\/www.matrelec.com\/es\/wp-json\/wp\/v2\/posts\/38666\/revisions\/38671"}],"wp:featuredmedia":[{"embeddable":true,"href":"https:\/\/www.matrelec.com\/es\/wp-json\/wp\/v2\/media\/38657"}],"wp:attachment":[{"href":"https:\/\/www.matrelec.com\/es\/wp-json\/wp\/v2\/media?parent=38666"}],"wp:term":[{"taxonomy":"category","embeddable":true,"href":"https:\/\/www.matrelec.com\/es\/wp-json\/wp\/v2\/categories?post=38666"},{"taxonomy":"post_tag","embeddable":true,"href":"https:\/\/www.matrelec.com\/es\/wp-json\/wp\/v2\/tags?post=38666"}],"curies":[{"name":"wp","href":"https:\/\/api.w.org\/{rel}","templated":true}]}}